{"id":7435,"date":"2025-12-29T07:58:56","date_gmt":"2025-12-29T06:58:56","guid":{"rendered":"https:\/\/denox.eu\/denox-rejoint-asfel-et-renforce-son-engagement-en-faveur-de-linternationalisation-et-du-secteur\/"},"modified":"2025-12-29T07:58:56","modified_gmt":"2025-12-29T06:58:56","slug":"denox-rejoint-asfel-et-renforce-son-engagement-en-faveur-de-linternationalisation-et-du-secteur","status":"publish","type":"post","link":"https:\/\/denox.eu\/fr\/denox-rejoint-asfel-et-renforce-son-engagement-en-faveur-de-linternationalisation-et-du-secteur\/","title":{"rendered":"DENOX rejoint ASFEL et renforce son engagement en faveur de l\u2019internationalisation et du secteur"},"content":{"rendered":"<div class=\"fusion-fullwidth fullwidth-box fusion-builder-row-1 fusion-flex-container nonhundred-percent-fullwidth non-hundred-percent-height-scrolling\" style=\"background-color: rgba(255,255,255,0);background-position: center center;background-repeat: no-repeat;border-width: 0px 0px 0px 0px;border-color:#e2e2e2;border-style:solid;\" ><div class=\"fusion-builder-row fusion-row fusion-flex-align-items-flex-start\" style=\"max-width:1185.6px;margin-left: calc(-4% \/ 2 );margin-right: calc(-4% \/ 2 );\"><div class=\"fusion-layout-column fusion_builder_column fusion-builder-column-0 fusion_builder_column_1_1 1_1 fusion-flex-column\"><div class=\"fusion-column-wrapper fusion-flex-justify-content-flex-start fusion-content-layout-column\" style=\"background-position:left top;background-repeat:no-repeat;-webkit-background-size:cover;-moz-background-size:cover;-o-background-size:cover;background-size:cover;padding: 0px 0px 0px 0px;\"><div class=\"fusion-text fusion-text-1\"><p data-start=\"572\" data-end=\"823\">DENOX a le plaisir d\u2019annoncer son adh\u00e9sion \u00e0 <strong data-start=\"649\" data-end=\"731\">ASFEL (Association des Fabricants Espagnols de Produits de Nettoyage et d\u2019Hygi\u00e8ne)<\/strong>, une organisation de r\u00e9f\u00e9rence qui regroupe la majorit\u00e9 des fabricants espagnols du secteur.<\/p>\n<p data-start=\"825\" data-end=\"1083\">Depuis 2003, ASFEL accompagne les entreprises dans leur d\u00e9veloppement, leur comp\u00e9titivit\u00e9 et leur expansion internationale, en favorisant le dynamisme du secteur, la coop\u00e9ration entre ses membres et la d\u00e9fense de leurs int\u00e9r\u00eats aupr\u00e8s des institutions et de la soci\u00e9t\u00e9.<\/p>\n<p data-start=\"1085\" data-end=\"1373\">L\u2019adh\u00e9sion \u00e0 ASFEL constitue une nouvelle \u00e9tape dans la strat\u00e9gie de DENOX visant \u00e0 poursuivre sa croissance \u00e0 l\u2019international, \u00e0 renforcer les synergies avec les autres acteurs du secteur et \u00e0 participer activement \u00e0 des actions de networking, des groupes de travail, des salons professionnels et des initiatives de commerce ext\u00e9rieur.<\/p>\n<p data-start=\"1375\" data-end=\"1686\">Nous remercions chaleureusement le Conseil d\u2019Administration d\u2019ASFEL pour son accueil et abordons cette nouvelle phase avec enthousiasme et engagement, convaincus que la collaboration et le travail collectif sont essentiels pour relever les d\u00e9fis du secteur et continuer \u00e0 proposer des solutions \u00e0 forte valeur ajout\u00e9e \u00e0 nos clients.<\/p>\n<\/div><\/div><\/div><style type=\"text\/css\">.fusion-body .fusion-builder-column-0{width:100% !important;margin-top : 0px;margin-bottom : 20px;}.fusion-builder-column-0 > .fusion-column-wrapper {padding-top : 0px !important;padding-right : 0px !important;margin-right : 1.92%;padding-bottom : 0px !important;padding-left : 0px !important;margin-left : 1.92%;}@media only screen and (max-width:1024px) {.fusion-body .fusion-builder-column-0{width:100% !important;order : 0;}.fusion-builder-column-0 > .fusion-column-wrapper {margin-right : 1.92%;margin-left : 1.92%;}}@media only screen and (max-width:640px) {.fusion-body .fusion-builder-column-0{width:100% !important;order : 0;}.fusion-builder-column-0 > .fusion-column-wrapper {margin-right : 1.92%;margin-left : 1.92%;}}<\/style><\/div><style type=\"text\/css\">.fusion-body .fusion-flex-container.fusion-builder-row-1{ padding-top : 0px;margin-top : 0px;padding-right : 0px;padding-bottom : 0px;margin-bottom : 0px;padding-left : 0px;}<\/style><\/div>\n","protected":false},"excerpt":{"rendered":"","protected":false},"author":6,"featured_media":7432,"comment_status":"open","ping_status":"open","sticky":false,"template":"","format":"standard","meta":{"footnotes":""},"categories":[204,256],"tags":[],"_links":{"self":[{"href":"https:\/\/denox.eu\/fr\/wp-json\/wp\/v2\/posts\/7435"}],"collection":[{"href":"https:\/\/denox.eu\/fr\/wp-json\/wp\/v2\/posts"}],"about":[{"href":"https:\/\/denox.eu\/fr\/wp-json\/wp\/v2\/types\/post"}],"author":[{"embeddable":true,"href":"https:\/\/denox.eu\/fr\/wp-json\/wp\/v2\/users\/6"}],"replies":[{"embeddable":true,"href":"https:\/\/denox.eu\/fr\/wp-json\/wp\/v2\/comments?post=7435"}],"version-history":[{"count":0,"href":"https:\/\/denox.eu\/fr\/wp-json\/wp\/v2\/posts\/7435\/revisions"}],"wp:featuredmedia":[{"embeddable":true,"href":"https:\/\/denox.eu\/fr\/wp-json\/wp\/v2\/media\/7432"}],"wp:attachment":[{"href":"https:\/\/denox.eu\/fr\/wp-json\/wp\/v2\/media?parent=7435"}],"wp:term":[{"taxonomy":"category","embeddable":true,"href":"https:\/\/denox.eu\/fr\/wp-json\/wp\/v2\/categories?post=7435"},{"taxonomy":"post_tag","embeddable":true,"href":"https:\/\/denox.eu\/fr\/wp-json\/wp\/v2\/tags?post=7435"}],"curies":[{"name":"wp","href":"https:\/\/api.w.org\/{rel}","templated":true}]}}